{"id":1295,"date":"2014-07-06T09:29:15","date_gmt":"2014-07-06T07:29:15","guid":{"rendered":"http:\/\/windsurfingclub.de\/?p=1295"},"modified":"2015-01-21T10:38:13","modified_gmt":"2015-01-21T08:38:13","slug":"einladung-zum-wcd-sommerfest-am-26-7-und-regatta-am-27-7","status":"publish","type":"post","link":"https:\/\/windsurfingclub.de\/?p=1295","title":{"rendered":"Einladung zum WCD Sommerfest am 26.7. und Regatta am 27.7."},"content":{"rendered":"<p>Hallo liebe Surffreunde!<\/p>\n<p><a href=\"http:\/\/windsurfingclub.de\/wordpress\/wp-content\/uploads\/sommerfest_10-1.jpg\"><img loading=\"lazy\" decoding=\"async\" data-attachment-id=\"1296\" data-permalink=\"https:\/\/windsurfingclub.de\/?attachment_id=1296\" data-orig-file=\"https:\/\/windsurfingclub.de\/wordpress\/wp-content\/uploads\/sommerfest_10-1.jpg\" data-orig-size=\"1024,768\" data-comments-opened=\"1\" data-image-meta=\"{&quot;aperture&quot;:&quot;3.1&quot;,&quot;credit&quot;:&quot;&quot;,&quot;camera&quot;:&quot;Digimax 370 \/ Kenox D370&quot;,&quot;caption&quot;:&quot;&quot;,&quot;created_timestamp&quot;:&quot;1201293624&quot;,&quot;copyright&quot;:&quot;SAMSUNG TECHWIN&quot;,&quot;focal_length&quot;:&quot;7.4&quot;,&quot;iso&quot;:&quot;63&quot;,&quot;shutter_speed&quot;:&quot;0.011111111111111&quot;,&quot;title&quot;:&quot;&lt;Digimax 370 \/ Kenox D370&gt;&quot;}\" data-image-title=\"&lt;Digimax 370 \/ Kenox D370&gt;\" data-image-description=\"\" data-image-caption=\"\" data-large-file=\"https:\/\/windsurfingclub.de\/wordpress\/wp-content\/uploads\/sommerfest_10-1.jpg\" class=\"alignleft size-medium wp-image-1296\" src=\"http:\/\/windsurfingclub.de\/wordpress\/wp-content\/uploads\/sommerfest_10-1-300x225.jpg\" alt=\"\" width=\"300\" height=\"225\" srcset=\"https:\/\/windsurfingclub.de\/wordpress\/wp-content\/uploads\/sommerfest_10-1-300x225.jpg 300w, https:\/\/windsurfingclub.de\/wordpress\/wp-content\/uploads\/sommerfest_10-1.jpg 1024w\" sizes=\"auto, (max-width: 300px) 100vw, 300px\" \/><\/a>Es ist wieder soweit &#8211; unser WCD Sommerfest findet am Samstag, 26. Juli 2014 statt und ihr seid herzlich eingeladen!<\/p>\n<p>Gestartet wird mit Kaffee und hoffentlich vielen selbstgebackenen (auch k\u00e4uflich erworbenen) Kuchen. Am Abend haben wir ein kleines, aber feines warmes Buffe\u008dt organisiert. Denkt an Teller &amp; Besteck. F\u00fcr den Durst stehen euch alkoholfreie Getr\u00e4nke, Bier vom Fass, Wein und Sekt zur Verf\u00fcgung. Musik zum Tanzen, Lagerfeuer und ein Fackellauf um den See runden unser Sommerfest ab.<\/p>\n<p>Der Kostenbeitrag betr\u00e4gt f\u00fcr ERWACHSENE 15,00 EUR<br \/>\nKINDER (bis 10 Jahre) 8,00 EUR<br \/>\nKINDER (11-16 Jahre) 10,00 EUR.<\/p>\n<p>Wir hoffen auf eine gro\u00dfe Beteiligung und bi\u008dtten um Anmeldung bis zum 13.07.2014 beim Festausschuss Wendt\/Sorgenfrei unter 0179\/2034510 oder 04221\/87119.<\/p>\n<p>Viele Gr\u00fc\u00dfe<br \/>\nEuer Vorstand<\/p>\n<p>P.S. Am Sonntag, 27. Juli 2014, findet unsere Vereinsregatta statt. Wir hoffen auf eine rege Beteiligung. Start gegen 13.00 Uhr. Abschlusstraining bei Bedarf am Samstag.<\/p>\n","protected":false},"excerpt":{"rendered":"<p>Hallo liebe Surffreunde! Es ist wieder soweit &#8211; unser WCD Sommerfest findet am Samstag, 26. Juli 2014 statt und ihr seid herzlich eingeladen! Gestartet wird mit Kaffee und hoffentlich vielen selbstgebackenen (auch k\u00e4uflich erworbenen) Kuchen. Am Abend haben wir ein &hellip; <a href=\"https:\/\/windsurfingclub.de\/?p=1295\">Weiterlesen <span class=\"meta-nav\">&rarr;<\/span><\/a><\/p>\n","protected":false},"author":1,"featured_media":0,"comment_status":"open","ping_status":"open","sticky":false,"template":"","format":"image","meta":{"ngg_post_thumbnail":0,"jetpack_post_was_ever_published":false,"_jetpack_newsletter_access":"","_jetpack_dont_email_post_to_subs":false,"_jetpack_newsletter_tier_id":0,"_jetpack_memberships_contains_paywalled_content":false,"_jetpack_memberships_contains_paid_content":false,"footnotes":"","jetpack_publicize_message":"","jetpack_publicize_feature_enabled":true,"jetpack_social_post_already_shared":true,"jetpack_social_options":{"image_generator_settings":{"template":"highway","default_image_id":0,"font":"","enabled":false},"version":2}},"categories":[12],"tags":[],"class_list":["post-1295","post","type-post","status-publish","format-image","hentry","category-veranstaltungen","post_format-post-format-image"],"jetpack_publicize_connections":[],"jetpack_featured_media_url":"","jetpack_shortlink":"https:\/\/wp.me\/p4DIbu-kT","jetpack_sharing_enabled":true,"_links":{"self":[{"href":"https:\/\/windsurfingclub.de\/index.php?rest_route=\/wp\/v2\/posts\/1295","targetHints":{"allow":["GET"]}}],"collection":[{"href":"https:\/\/windsurfingclub.de\/index.php?rest_route=\/wp\/v2\/posts"}],"about":[{"href":"https:\/\/windsurfingclub.de\/index.php?rest_route=\/wp\/v2\/types\/post"}],"author":[{"embeddable":true,"href":"https:\/\/windsurfingclub.de\/index.php?rest_route=\/wp\/v2\/users\/1"}],"replies":[{"embeddable":true,"href":"https:\/\/windsurfingclub.de\/index.php?rest_route=%2Fwp%2Fv2%2Fcomments&post=1295"}],"version-history":[{"count":4,"href":"https:\/\/windsurfingclub.de\/index.php?rest_route=\/wp\/v2\/posts\/1295\/revisions"}],"predecessor-version":[{"id":1300,"href":"https:\/\/windsurfingclub.de\/index.php?rest_route=\/wp\/v2\/posts\/1295\/revisions\/1300"}],"wp:attachment":[{"href":"https:\/\/windsurfingclub.de\/index.php?rest_route=%2Fwp%2Fv2%2Fmedia&parent=1295"}],"wp:term":[{"taxonomy":"category","embeddable":true,"href":"https:\/\/windsurfingclub.de\/index.php?rest_route=%2Fwp%2Fv2%2Fcategories&post=1295"},{"taxonomy":"post_tag","embeddable":true,"href":"https:\/\/windsurfingclub.de\/index.php?rest_route=%2Fwp%2Fv2%2Ftags&post=1295"}],"curies":[{"name":"wp","href":"https:\/\/api.w.org\/{rel}","templated":true}]}}