{"id":1886,"date":"2014-08-21T10:12:41","date_gmt":"2014-08-21T08:12:41","guid":{"rendered":"http:\/\/windsurfingclub.de\/?p=1886"},"modified":"2014-08-21T10:12:41","modified_gmt":"2014-08-21T08:12:41","slug":"einladung-zum-wcd-frauentag-am-14-september-2014","status":"publish","type":"post","link":"https:\/\/windsurfingclub.de\/?p=1886","title":{"rendered":"Einladung zum WCD-Frauentag am 14. September 2014"},"content":{"rendered":"<p>Am Sonntag, 14. September 2014 l\u00e4dt der Windsurfing Club Delmenhorst alle interessierten Frauen zum WCD-Frauentag ein.\u00a0 Ab 11 Uhr werden wir gemeinsam fr\u00fchst\u00fccken, surfen und viel Spa\u00df haben!<\/p>\n<p>Anmeldung bis zum 28.08.2014 bei Kirstin Schremmer k.schremmer@gmx.de<\/p>\n<p><a href=\"http:\/\/windsurfingclub.de\/?attachment_id=168\" rel=\"attachment wp-att-168\"><img loading=\"lazy\" decoding=\"async\" data-attachment-id=\"168\" data-permalink=\"https:\/\/windsurfingclub.de\/?attachment_id=168\" data-orig-file=\"https:\/\/windsurfingclub.de\/wordpress\/wp-content\/uploads\/BannerSurf3_Logo1.jpg\" data-orig-size=\"1102,350\" data-comments-opened=\"0\" data-image-meta=\"{&quot;aperture&quot;:&quot;0&quot;,&quot;credit&quot;:&quot;&quot;,&quot;camera&quot;:&quot;&quot;,&quot;caption&quot;:&quot;&quot;,&quot;created_timestamp&quot;:&quot;0&quot;,&quot;copyright&quot;:&quot;&quot;,&quot;focal_length&quot;:&quot;0&quot;,&quot;iso&quot;:&quot;0&quot;,&quot;shutter_speed&quot;:&quot;0&quot;,&quot;title&quot;:&quot;&quot;}\" data-image-title=\"BannerSurf3_Logo1.jpg\" data-image-description=\"&lt;p&gt;http:\/\/windsurfingclub.de\/wordpress\/wp-content\/uploads\/BannerSurf3_Logo1.jpg&lt;\/p&gt;\n\" data-image-caption=\"\" data-large-file=\"https:\/\/windsurfingclub.de\/wordpress\/wp-content\/uploads\/BannerSurf3_Logo1-1024x325.jpg\" class=\"alignleft size-large wp-image-168\" src=\"http:\/\/windsurfingclub.de\/wordpress\/wp-content\/uploads\/BannerSurf3_Logo1-1024x325.jpg\" alt=\"BannerSurf3_Logo1.jpg\" width=\"620\" height=\"196\" srcset=\"https:\/\/windsurfingclub.de\/wordpress\/wp-content\/uploads\/BannerSurf3_Logo1-1024x325.jpg 1024w, https:\/\/windsurfingclub.de\/wordpress\/wp-content\/uploads\/BannerSurf3_Logo1-300x95.jpg 300w, https:\/\/windsurfingclub.de\/wordpress\/wp-content\/uploads\/BannerSurf3_Logo1-624x198.jpg 624w, https:\/\/windsurfingclub.de\/wordpress\/wp-content\/uploads\/BannerSurf3_Logo1.jpg 1102w\" sizes=\"auto, (max-width: 620px) 100vw, 620px\" \/><\/a><\/p>\n","protected":false},"excerpt":{"rendered":"<p>Am Sonntag, 14. September 2014 l\u00e4dt der Windsurfing Club Delmenhorst alle interessierten Frauen zum WCD-Frauentag ein.\u00a0 Ab 11 Uhr werden wir gemeinsam fr\u00fchst\u00fccken, surfen und viel Spa\u00df haben! Anmeldung bis zum 28.08.2014 bei Kirstin Schremmer k.schremmer@gmx.de<\/p>\n","protected":false},"author":1,"featured_media":0,"comment_status":"open","ping_status":"open","sticky":false,"template":"","format":"image","meta":{"ngg_post_thumbnail":0,"jetpack_post_was_ever_published":false,"_jetpack_newsletter_access":"","_jetpack_dont_email_post_to_subs":false,"_jetpack_newsletter_tier_id":0,"_jetpack_memberships_contains_paywalled_content":false,"_jetpack_memberships_contains_paid_content":false,"footnotes":"","jetpack_publicize_message":"","jetpack_publicize_feature_enabled":true,"jetpack_social_post_already_shared":true,"jetpack_social_options":{"image_generator_settings":{"template":"highway","default_image_id":0,"font":"","enabled":false},"version":2}},"categories":[12],"tags":[],"class_list":["post-1886","post","type-post","status-publish","format-image","hentry","category-veranstaltungen","post_format-post-format-image"],"jetpack_publicize_connections":[],"jetpack_featured_media_url":"","jetpack_shortlink":"https:\/\/wp.me\/p4DIbu-uq","jetpack_sharing_enabled":true,"_links":{"self":[{"href":"https:\/\/windsurfingclub.de\/index.php?rest_route=\/wp\/v2\/posts\/1886","targetHints":{"allow":["GET"]}}],"collection":[{"href":"https:\/\/windsurfingclub.de\/index.php?rest_route=\/wp\/v2\/posts"}],"about":[{"href":"https:\/\/windsurfingclub.de\/index.php?rest_route=\/wp\/v2\/types\/post"}],"author":[{"embeddable":true,"href":"https:\/\/windsurfingclub.de\/index.php?rest_route=\/wp\/v2\/users\/1"}],"replies":[{"embeddable":true,"href":"https:\/\/windsurfingclub.de\/index.php?rest_route=%2Fwp%2Fv2%2Fcomments&post=1886"}],"version-history":[{"count":2,"href":"https:\/\/windsurfingclub.de\/index.php?rest_route=\/wp\/v2\/posts\/1886\/revisions"}],"predecessor-version":[{"id":1888,"href":"https:\/\/windsurfingclub.de\/index.php?rest_route=\/wp\/v2\/posts\/1886\/revisions\/1888"}],"wp:attachment":[{"href":"https:\/\/windsurfingclub.de\/index.php?rest_route=%2Fwp%2Fv2%2Fmedia&parent=1886"}],"wp:term":[{"taxonomy":"category","embeddable":true,"href":"https:\/\/windsurfingclub.de\/index.php?rest_route=%2Fwp%2Fv2%2Fcategories&post=1886"},{"taxonomy":"post_tag","embeddable":true,"href":"https:\/\/windsurfingclub.de\/index.php?rest_route=%2Fwp%2Fv2%2Ftags&post=1886"}],"curies":[{"name":"wp","href":"https:\/\/api.w.org\/{rel}","templated":true}]}}