{"id":4749,"date":"2018-09-24T20:02:17","date_gmt":"2018-09-24T18:02:17","guid":{"rendered":"http:\/\/windsurfingclub.de\/?p=4749"},"modified":"2018-09-24T20:02:17","modified_gmt":"2018-09-24T18:02:17","slug":"absurfen-mit-vereins-regatta-suppe-kaffee-und-kloenen-am-sonntag-ab-1200-uhr","status":"publish","type":"post","link":"https:\/\/windsurfingclub.de\/?p=4749","title":{"rendered":"Absurfen mit Vereins-Regatta, Suppe, Kaffee und Kl\u00f6nen am Sonntag ab 12:00 Uhr"},"content":{"rendered":"<p><a href=\"http:\/\/windsurfingclub.de\/wordpress\/wp-content\/uploads\/IMG_20180818_174645_BURST1.jpg\"><img loading=\"lazy\" decoding=\"async\" data-attachment-id=\"4752\" data-permalink=\"https:\/\/windsurfingclub.de\/?attachment_id=4752\" data-orig-file=\"https:\/\/windsurfingclub.de\/wordpress\/wp-content\/uploads\/IMG_20180818_174645_BURST1.jpg\" data-orig-size=\"4160,3120\" data-comments-opened=\"0\" data-image-meta=\"{&quot;aperture&quot;:&quot;2&quot;,&quot;credit&quot;:&quot;&quot;,&quot;camera&quot;:&quot;Redmi Note 4&quot;,&quot;caption&quot;:&quot;&quot;,&quot;created_timestamp&quot;:&quot;1534614404&quot;,&quot;copyright&quot;:&quot;&quot;,&quot;focal_length&quot;:&quot;3.57&quot;,&quot;iso&quot;:&quot;100&quot;,&quot;shutter_speed&quot;:&quot;0.00079681274900398&quot;,&quot;title&quot;:&quot;&quot;,&quot;orientation&quot;:&quot;0&quot;}\" data-image-title=\"IMG_20180818_174645_BURST1\" data-image-description=\"\" data-image-caption=\"\" data-large-file=\"https:\/\/windsurfingclub.de\/wordpress\/wp-content\/uploads\/IMG_20180818_174645_BURST1-1024x768.jpg\" class=\"alignleft size-medium wp-image-4752\" src=\"http:\/\/windsurfingclub.de\/wordpress\/wp-content\/uploads\/IMG_20180818_174645_BURST1-300x225.jpg\" alt=\"\" width=\"300\" height=\"225\" srcset=\"https:\/\/windsurfingclub.de\/wordpress\/wp-content\/uploads\/IMG_20180818_174645_BURST1-300x225.jpg 300w, https:\/\/windsurfingclub.de\/wordpress\/wp-content\/uploads\/IMG_20180818_174645_BURST1-768x576.jpg 768w, https:\/\/windsurfingclub.de\/wordpress\/wp-content\/uploads\/IMG_20180818_174645_BURST1-1024x768.jpg 1024w\" sizes=\"auto, (max-width: 300px) 100vw, 300px\" \/><\/a>Liebe Surferinnen und Surfer,<\/p>\n<p>am Sonntag, den 30.09.18, findet unser diesj\u00e4hriges Absurfen mit Regatta an unserem See auf der \u201eGro\u00dfen H\u00f6he\u201c statt.<\/p>\n<p>Die <strong>Regatta<\/strong> startet um 13:00 Uhr. Surfer\/innen, die an der Regatta teilnehmen m\u00f6chten, sind bitte um 12:00 Uhr am See und melden sich bei der Regattaleitung.<\/p>\n<p>Der Festausschuss versorgt uns mit einer leckeren <strong>Suppe<\/strong>.<\/p>\n<p>Au\u00dferdem werden <strong>Kaffee<\/strong> und kalte Getr\u00e4nke bereitgestellt.<br \/>\nKuchen oder Geb\u00e4ck-Spenden sind erbeten, aber kein Muss.<\/p>\n<p>Der Umwelt zuliebe vergesst nicht, euer <strong>Geschirr<\/strong> (Teller, Becher, Gl\u00e4ser) und Besteck mitzubringen.<\/p>\n<p>\u00dcbrigens: Auch f\u00fcr <strong>Finnenpl\u00e4ttchengespr\u00e4che<\/strong> und zum Kl\u00f6nen ist das eine Super-Gelegenheit.<\/p>\n<p>Hang loose,<\/p>\n<p>Eurer Vereinsvorstand<\/p>\n","protected":false},"excerpt":{"rendered":"<p>Liebe Surferinnen und Surfer, am Sonntag, den 30.09.18, findet unser diesj\u00e4hriges Absurfen mit Regatta an unserem See auf der \u201eGro\u00dfen H\u00f6he\u201c statt. Die Regatta startet um 13:00 Uhr. Surfer\/innen, die an der Regatta teilnehmen m\u00f6chten, sind bitte um 12:00 Uhr &hellip; <a href=\"https:\/\/windsurfingclub.de\/?p=4749\">Weiterlesen <span class=\"meta-nav\">&rarr;<\/span><\/a><\/p>\n","protected":false},"author":1,"featured_media":0,"comment_status":"closed","ping_status":"closed","sticky":false,"template":"","format":"image","meta":{"ngg_post_thumbnail":0,"jetpack_post_was_ever_published":false,"_jetpack_newsletter_access":"","_jetpack_dont_email_post_to_subs":false,"_jetpack_newsletter_tier_id":0,"_jetpack_memberships_contains_paywalled_content":false,"_jetpack_memberships_contains_paid_content":false,"footnotes":"","jetpack_publicize_message":"","jetpack_publicize_feature_enabled":true,"jetpack_social_post_already_shared":true,"jetpack_social_options":{"image_generator_settings":{"template":"highway","default_image_id":0,"font":"","enabled":false},"version":2}},"categories":[6,12],"tags":[],"class_list":["post-4749","post","type-post","status-publish","format-image","hentry","category-mitteilungen-des-vorstandes","category-veranstaltungen","post_format-post-format-image"],"jetpack_publicize_connections":[],"jetpack_featured_media_url":"","jetpack_shortlink":"https:\/\/wp.me\/p4DIbu-1eB","jetpack_sharing_enabled":true,"_links":{"self":[{"href":"https:\/\/windsurfingclub.de\/index.php?rest_route=\/wp\/v2\/posts\/4749","targetHints":{"allow":["GET"]}}],"collection":[{"href":"https:\/\/windsurfingclub.de\/index.php?rest_route=\/wp\/v2\/posts"}],"about":[{"href":"https:\/\/windsurfingclub.de\/index.php?rest_route=\/wp\/v2\/types\/post"}],"author":[{"embeddable":true,"href":"https:\/\/windsurfingclub.de\/index.php?rest_route=\/wp\/v2\/users\/1"}],"replies":[{"embeddable":true,"href":"https:\/\/windsurfingclub.de\/index.php?rest_route=%2Fwp%2Fv2%2Fcomments&post=4749"}],"version-history":[{"count":3,"href":"https:\/\/windsurfingclub.de\/index.php?rest_route=\/wp\/v2\/posts\/4749\/revisions"}],"predecessor-version":[{"id":4753,"href":"https:\/\/windsurfingclub.de\/index.php?rest_route=\/wp\/v2\/posts\/4749\/revisions\/4753"}],"wp:attachment":[{"href":"https:\/\/windsurfingclub.de\/index.php?rest_route=%2Fwp%2Fv2%2Fmedia&parent=4749"}],"wp:term":[{"taxonomy":"category","embeddable":true,"href":"https:\/\/windsurfingclub.de\/index.php?rest_route=%2Fwp%2Fv2%2Fcategories&post=4749"},{"taxonomy":"post_tag","embeddable":true,"href":"https:\/\/windsurfingclub.de\/index.php?rest_route=%2Fwp%2Fv2%2Ftags&post=4749"}],"curies":[{"name":"wp","href":"https:\/\/api.w.org\/{rel}","templated":true}]}}