{"id":4904,"date":"2019-06-19T17:58:55","date_gmt":"2019-06-19T15:58:55","guid":{"rendered":"http:\/\/windsurfingclub.de\/?p=4904"},"modified":"2019-06-19T17:58:57","modified_gmt":"2019-06-19T15:58:57","slug":"wcd-seefest-2019","status":"publish","type":"post","link":"https:\/\/windsurfingclub.de\/?p=4904","title":{"rendered":"WCD Seefest 2019"},"content":{"rendered":"\n<div class=\"wp-block-image\"><figure class=\"alignright is-resized\"><img loading=\"lazy\" decoding=\"async\" data-attachment-id=\"2698\" data-permalink=\"https:\/\/windsurfingclub.de\/?attachment_id=2698\" data-orig-file=\"https:\/\/windsurfingclub.de\/wordpress\/wp-content\/uploads\/ngg_featured\/sommerfest_14-0014.jpg\" data-orig-size=\"800,600\" data-comments-opened=\"1\" data-image-meta=\"{&quot;aperture&quot;:&quot;0&quot;,&quot;credit&quot;:&quot;&quot;,&quot;camera&quot;:&quot;&quot;,&quot;caption&quot;:&quot;&quot;,&quot;created_timestamp&quot;:&quot;0&quot;,&quot;copyright&quot;:&quot;&quot;,&quot;focal_length&quot;:&quot;0&quot;,&quot;iso&quot;:&quot;0&quot;,&quot;shutter_speed&quot;:&quot;0&quot;,&quot;title&quot;:&quot;&quot;,&quot;orientation&quot;:&quot;0&quot;}\" data-image-title=\"sommerfest_14-0014\" data-image-description=\"\" data-image-caption=\"\" data-large-file=\"https:\/\/windsurfingclub.de\/wordpress\/wp-content\/uploads\/ngg_featured\/sommerfest_14-0014.jpg\" src=\"http:\/\/windsurfingclub.de\/wordpress\/wp-content\/uploads\/ngg_featured\/sommerfest_14-0014.jpg\" alt=\"\" class=\"wp-image-2698\" width=\"316\" height=\"236\" srcset=\"https:\/\/windsurfingclub.de\/wordpress\/wp-content\/uploads\/ngg_featured\/sommerfest_14-0014.jpg 800w, https:\/\/windsurfingclub.de\/wordpress\/wp-content\/uploads\/ngg_featured\/sommerfest_14-0014-300x225.jpg 300w\" sizes=\"auto, (max-width: 316px) 100vw, 316px\" \/><\/figure><\/div>\n\n\n\n<p>Am Samstag, 24.08.2019 laden wir alle Mitglieder und Freunde des WCD ganz herzlich zu unserem diesj\u00e4hrigen Sommerfest am See ein.<\/p>\n\n\n\n<p><strong>Was erwartet uns?<\/strong><\/p>\n\n\n\n<ul class=\"wp-block-list\"><li>Hoffentlich Sonne pur<\/li><li>15:00 Uhr Beginn der Regatta ( n\u00e4hre Informationen folgen gesondert)<\/li><li>nachmittags Kaffee und selbstgebackenen Kuchen. Wer bringt welchen Kuchen mit? Meldet euch einfach bei dem Festausschuss.<\/li><li>Abends ein B\u00fcffet vom Partyservice. F\u00fcr ein buntes und abwechslungsreiches Salatbuffet brauchen wir erneut eure Hilfe. Was ist euer Lieblingssalat? Bringt ihn einfach mit und \u00fcberrascht uns. <\/li><li>Alkoholfreie Getr\u00e4nke, Bier vom Fass, Sekt und Wein<\/li><li>Musik f\u00fcr alle<\/li><li>Lagerfeuer<\/li><li>\u00dcbernachtung in der freien Natur (auf dem Vereinsgel\u00e4nde &#8211; Unterk\u00fcnfte sind mitzubringen)<\/li><li>Gemeinsames Fr\u00fchst\u00fcck am Sonntag ( Br\u00f6tchen, Marmelade nicht vergessen)<\/li><li><strong><em>Geschirr und Besteck sind selber mitzubringen!!<\/em><\/strong><\/li><\/ul>\n\n\n\n<p><strong>Pro Person wird ein\nKostenbeitrag erhoben:<\/strong><\/p>\n\n\n\n<p>f\u00fcr Erwachsene&nbsp; 15,00 \u20ac<\/p>\n\n\n\n<p>f\u00fcr Kinder ( bis 16 Jahre) 8,00\u20ac<\/p>\n\n\n\n<p>Verbindliche Anmeldung bis zum 17.08.2019 beim Festausschuss Daniela\nWallukat\/ Bettina Mengedoth 0178-9627874 oder 01578-8051977.<\/p>\n\n\n\n<p><strong>Wir freuen uns auf euch und eure Freunde<\/strong><\/p>\n","protected":false},"excerpt":{"rendered":"<p>Am Samstag, 24.08.2019 laden wir alle Mitglieder und Freunde des WCD ganz herzlich zu unserem diesj\u00e4hrigen Sommerfest am See ein. Was erwartet uns? Hoffentlich Sonne pur 15:00 Uhr Beginn der Regatta ( n\u00e4hre Informationen folgen gesondert) nachmittags Kaffee und selbstgebackenen &hellip; <a href=\"https:\/\/windsurfingclub.de\/?p=4904\">Weiterlesen <span class=\"meta-nav\">&rarr;<\/span><\/a><\/p>\n","protected":false},"author":1,"featured_media":0,"comment_status":"closed","ping_status":"closed","sticky":false,"template":"","format":"image","meta":{"ngg_post_thumbnail":0,"jetpack_post_was_ever_published":false,"_jetpack_newsletter_access":"","_jetpack_dont_email_post_to_subs":false,"_jetpack_newsletter_tier_id":0,"_jetpack_memberships_contains_paywalled_content":false,"_jetpack_memberships_contains_paid_content":false,"footnotes":"","jetpack_publicize_message":"","jetpack_publicize_feature_enabled":true,"jetpack_social_post_already_shared":true,"jetpack_social_options":{"image_generator_settings":{"template":"highway","default_image_id":0,"font":"","enabled":false},"version":2}},"categories":[6,12],"tags":[],"class_list":["post-4904","post","type-post","status-publish","format-image","hentry","category-mitteilungen-des-vorstandes","category-veranstaltungen","post_format-post-format-image"],"jetpack_publicize_connections":[],"jetpack_featured_media_url":"","jetpack_shortlink":"https:\/\/wp.me\/p4DIbu-1h6","jetpack_sharing_enabled":true,"_links":{"self":[{"href":"https:\/\/windsurfingclub.de\/index.php?rest_route=\/wp\/v2\/posts\/4904","targetHints":{"allow":["GET"]}}],"collection":[{"href":"https:\/\/windsurfingclub.de\/index.php?rest_route=\/wp\/v2\/posts"}],"about":[{"href":"https:\/\/windsurfingclub.de\/index.php?rest_route=\/wp\/v2\/types\/post"}],"author":[{"embeddable":true,"href":"https:\/\/windsurfingclub.de\/index.php?rest_route=\/wp\/v2\/users\/1"}],"replies":[{"embeddable":true,"href":"https:\/\/windsurfingclub.de\/index.php?rest_route=%2Fwp%2Fv2%2Fcomments&post=4904"}],"version-history":[{"count":2,"href":"https:\/\/windsurfingclub.de\/index.php?rest_route=\/wp\/v2\/posts\/4904\/revisions"}],"predecessor-version":[{"id":4906,"href":"https:\/\/windsurfingclub.de\/index.php?rest_route=\/wp\/v2\/posts\/4904\/revisions\/4906"}],"wp:attachment":[{"href":"https:\/\/windsurfingclub.de\/index.php?rest_route=%2Fwp%2Fv2%2Fmedia&parent=4904"}],"wp:term":[{"taxonomy":"category","embeddable":true,"href":"https:\/\/windsurfingclub.de\/index.php?rest_route=%2Fwp%2Fv2%2Fcategories&post=4904"},{"taxonomy":"post_tag","embeddable":true,"href":"https:\/\/windsurfingclub.de\/index.php?rest_route=%2Fwp%2Fv2%2Ftags&post=4904"}],"curies":[{"name":"wp","href":"https:\/\/api.w.org\/{rel}","templated":true}]}}